{"id":77,"date":"2024-02-03T22:18:39","date_gmt":"2024-02-03T22:18:39","guid":{"rendered":"https:\/\/www.cso2005.org\/?p=77"},"modified":"2024-02-03T22:18:41","modified_gmt":"2024-02-03T22:18:41","slug":"igc-2024","status":"publish","type":"post","link":"https:\/\/www.cso2005.org\/index.php\/2024\/02\/03\/igc-2024\/","title":{"rendered":"IGC 2024"},"content":{"rendered":"\n<p>La Decimos\u00e9ptima Sesi\u00f3n del Comit\u00e9 Intergubernamental para la Protecci\u00f3n y Promoci\u00f3n de la Diversidad de las Expresiones Culturales se llevar\u00e1 a cabo en la Sede de la UNESCO del 27 de febrero al 1 de marzo de 2024.<\/p>\n\n\n\n<p>Durante esta sesi\u00f3n, el Comit\u00e9 adoptar\u00e1 su plan de trabajo para el per\u00edodo 2024-2025, de acuerdo con las orientaciones estrat\u00e9gicas definidas por la Conferencia de las Partes en su novena sesi\u00f3n en junio de 2023. Tambi\u00e9n tomar\u00e1 en consideraci\u00f3n los resultados de la convocatoria de expertos del Grupo de Reflexi\u00f3n sobre la diversidad de las expresiones culturales en el entorno digital, as\u00ed como las propuestas preliminares relativas al Grupo de Reflexi\u00f3n sobre la implementaci\u00f3n del Art\u00edculo 16 sobre \u201cTrato preferencial para los pa\u00edses en desarrollo\u201d. Adem\u00e1s, el Comit\u00e9 examinar\u00e1 propuestas relacionadas con la celebraci\u00f3n del vig\u00e9simo aniversario de la Convenci\u00f3n en 2025. Adem\u00e1s, al tiempo que reafirma el papel fundamental del Fondo Internacional para la Diversidad Cultural en la implementaci\u00f3n de la Convenci\u00f3n, aprobar\u00e1 las solicitudes de financiaci\u00f3n presentadas en el marco del decimocuarta convocatoria del Fondo y adoptar el presupuesto del Fondo (2024-2025).<\/p>\n\n\n\n<p>Finalmente, el Comit\u00e9 se centrar\u00e1 en cuestiones de colaboraci\u00f3n con organizaciones de la sociedad civil para garantizar la implementaci\u00f3n eficiente y participativa de la Convenci\u00f3n y examinar\u00e1 las conclusiones de la cuarta edici\u00f3n del Foro de la Sociedad Civil.<\/p>\n","protected":false},"excerpt":{"rendered":"<p>La Decimos\u00e9ptima Sesi\u00f3n del Comit\u00e9 Intergubernamental para la Protecci\u00f3n y Promoci\u00f3n de la Diversidad de las Expresiones Culturales se llevar\u00e1 a cabo en la Sede de la UNESCO del 27 de febrero al 1 de marzo de 2024. Durante esta sesi\u00f3n, el Comit\u00e9 adoptar\u00e1 su plan de trabajo para el per\u00edodo 2024-2025, de acuerdo con [&hellip;]<\/p>\n","protected":false},"author":1,"featured_media":39,"comment_status":"closed","ping_status":"closed","sticky":false,"template":"","format":"standard","meta":{"_joinchat":[],"footnotes":""},"categories":[1],"tags":[],"class_list":["post-77","post","type-post","status-publish","format-standard","has-post-thumbnail","hentry","category-uncategorized"],"_links":{"self":[{"href":"https:\/\/www.cso2005.org\/index.php\/wp-json\/wp\/v2\/posts\/77","targetHints":{"allow":["GET"]}}],"collection":[{"href":"https:\/\/www.cso2005.org\/index.php\/wp-json\/wp\/v2\/posts"}],"about":[{"href":"https:\/\/www.cso2005.org\/index.php\/wp-json\/wp\/v2\/types\/post"}],"author":[{"embeddable":true,"href":"https:\/\/www.cso2005.org\/index.php\/wp-json\/wp\/v2\/users\/1"}],"replies":[{"embeddable":true,"href":"https:\/\/www.cso2005.org\/index.php\/wp-json\/wp\/v2\/comments?post=77"}],"version-history":[{"count":1,"href":"https:\/\/www.cso2005.org\/index.php\/wp-json\/wp\/v2\/posts\/77\/revisions"}],"predecessor-version":[{"id":78,"href":"https:\/\/www.cso2005.org\/index.php\/wp-json\/wp\/v2\/posts\/77\/revisions\/78"}],"wp:featuredmedia":[{"embeddable":true,"href":"https:\/\/www.cso2005.org\/index.php\/wp-json\/wp\/v2\/media\/39"}],"wp:attachment":[{"href":"https:\/\/www.cso2005.org\/index.php\/wp-json\/wp\/v2\/media?parent=77"}],"wp:term":[{"taxonomy":"category","embeddable":true,"href":"https:\/\/www.cso2005.org\/index.php\/wp-json\/wp\/v2\/categories?post=77"},{"taxonomy":"post_tag","embeddable":true,"href":"https:\/\/www.cso2005.org\/index.php\/wp-json\/wp\/v2\/tags?post=77"}],"curies":[{"name":"wp","href":"https:\/\/api.w.org\/{rel}","templated":true}]}}